{"id":166855,"date":"2026-03-18T18:11:40","date_gmt":"2026-03-18T18:11:40","guid":{"rendered":"https:\/\/kino.agency\/neon\/?p=166855"},"modified":"2026-03-18T18:27:20","modified_gmt":"2026-03-18T18:27:20","slug":"couleurs-neon-led-deco-pro","status":"publish","type":"post","link":"https:\/\/kino.agency\/neon\/couleurs-neon-led-deco-pro\/","title":{"rendered":"Les\u202f7\u202fcouleurs de\u202fn\u00e9on\u202fLED qui changent l\u2019ambiance d\u2019un espace professionnel"},"content":{"rendered":"<div class=\"wpb-content-wrapper\"><p>[vc_row][vc_column width=\u00a0\u00bb1\/1&Prime;][vc_column_text uncode_shortcode_id=\u00a0\u00bb190449&Prime;]<\/p>\n<h2 class=\"mt-6 mb-2 font-semibold text-2xl\" data-streamdown=\"heading-2\">La couleur comme langage visuel<\/h2>\n<p>En communication visuelle, <span class=\"font-semibold\" data-streamdown=\"strong\">la couleur n\u2019est jamais neutre<\/span>\u202f: elle traduit en quelques secondes l\u2019\u00e9motion et la promesse d\u2019une marque.<br \/>\nAvec le LED, les enseignes ma\u00eetrisent d\u00e9sormais finement les teintes, jouant entre confort visuel et impact sensoriel.<\/p>\n<h2 class=\"mt-6 mb-2 font-semibold text-2xl\" data-streamdown=\"heading-2\">1.\u202fLe blanc chaud\u202f: \u00e9l\u00e9gance et confiance<\/h2>\n<p>Temp\u00e9rature autour de 3000\u202fK, id\u00e9al pour boutiques haut de\u202fgamme, bijouteries ou h\u00f4tels.<br \/>\nLe blanc chaud \u00e9voque <span class=\"font-semibold\" data-streamdown=\"strong\">le raffinement sobre<\/span>, \u00e9vitant toute agressivit\u00e9 lumineuse.<\/p>\n<h2 class=\"mt-6 mb-2 font-semibold text-2xl\" data-streamdown=\"heading-2\">2.\u202fLe rose poudr\u00e9\u202f: douceur et proximit\u00e9<\/h2>\n<p>Une teinte particuli\u00e8rement appr\u00e9ci\u00e9e dans la <span class=\"font-semibold\" data-streamdown=\"strong\">restauration, la beaut\u00e9 et l\u2019artisanat cr\u00e9atif<\/span>.<br \/>\nElle cr\u00e9e une atmosph\u00e8re intime et humanise les espaces.<\/p>\n<h2 class=\"mt-6 mb-2 font-semibold text-2xl\" data-streamdown=\"heading-2\">3.\u202fLe vert menthe\u202f: modernit\u00e9 et fra\u00eecheur<\/h2>\n<p>Parfait pour signaler <span class=\"font-semibold\" data-streamdown=\"strong\">innovation et durabilit\u00e9<\/span>.<br \/>\nLes enseignes ax\u00e9es sur le bien\u2011\u00eatre ou la food\u202ftech l\u2019adoptent volontiers.<\/p>\n<h2 class=\"mt-6 mb-2 font-semibold text-2xl\" data-streamdown=\"heading-2\">4.\u202fLe bleu profond\u202f: confiance et professionnalisme<\/h2>\n<p>Ton classique des secteurs <span class=\"font-semibold\" data-streamdown=\"strong\">technologiques et institutionnels<\/span>.<br \/>\nIl apaise le regard tout en d\u00e9gageant rigueur et stabilit\u00e9.<\/p>\n<h2 class=\"mt-6 mb-2 font-semibold text-2xl\" data-streamdown=\"heading-2\">5.\u202fLe rouge corail\u202f: \u00e9nergie et urgence ma\u00eetris\u00e9e<\/h2>\n<p>Dans un commerce, il attire vivement l\u2019attention sur une zone cl\u00e9 (bar, comptoir, offre sp\u00e9ciale).<br \/>\nUtilis\u00e9 avec mod\u00e9ration, il <span class=\"font-semibold\" data-streamdown=\"strong\">stimule sans saturer<\/span>.<\/p>\n<h2 class=\"mt-6 mb-2 font-semibold text-2xl\" data-streamdown=\"heading-2\">6.\u202fLe violet lavande\u202f: cr\u00e9ativit\u00e9 et r\u00eave<\/h2>\n<p>Couleur signature des <span class=\"font-semibold\" data-streamdown=\"strong\">espaces culturels et projets artistiques<\/span>.<br \/>\nElle communique l\u2019id\u00e9e d\u2019imagination, d\u2019exp\u00e9rience unique.<\/p>\n<h2 class=\"mt-6 mb-2 font-semibold text-2xl\" data-streamdown=\"heading-2\">7.\u202fLe jaune miel\u202f: accueil et optimisme<\/h2>\n<p>Une lumi\u00e8re dor\u00e9e qui <span class=\"font-semibold\" data-streamdown=\"strong\">rassure et dynamise<\/span>, id\u00e9ale pour boulangeries, coworkings\u202fou concept\u202fstores.<\/p>\n<h2 class=\"mt-6 mb-2 font-semibold text-2xl\" data-streamdown=\"heading-2\">Harmoniser plut\u00f4t que juxtaposer<\/h2>\n<p>Le secret d\u2019un environnement lumineux r\u00e9ussi, c\u2019est la <span class=\"font-semibold\" data-streamdown=\"strong\">coh\u00e9rence chromatique<\/span>.<br \/>\nDeux\u202fteintes proches cr\u00e9ent de la douceur\u202f; un contraste franc dessine un espace plus \u201cinstagrammable\u201d.[\/vc_column_text][\/vc_column][\/vc_row][vc_row][vc_column width=\u00a0\u00bb1\/1&Prime;][vc_gallery el_id=\u00a0\u00bbgallery-339382&Prime; medias=\u00a0\u00bb166856,166691,166692,166698,166746,166774&Prime; gutter_size=\u00a0\u00bb3&Prime; single_overlay_opacity=\u00a0\u00bb50&Prime; single_padding=\u00a0\u00bb2&Prime; uncode_shortcode_id=\u00a0\u00bb506375&Prime;][\/vc_column][\/vc_row]<\/p>\n<\/div>","protected":false},"excerpt":{"rendered":"<p>[vc_row][vc_column width=\u00a0\u00bb1\/1&Prime;][vc_column_text uncode_shortcode_id=\u00a0\u00bb190449&Prime;] La couleur comme langage visuel En communication visuelle, la couleur n\u2019est jamais neutre\u202f: elle traduit en quelques [&hellip;]<\/p>\n","protected":false},"author":2,"featured_media":0,"comment_status":"open","ping_status":"open","sticky":false,"template":"","format":"standard","meta":{"footnotes":""},"categories":[1],"tags":[],"class_list":["post-166855","post","type-post","status-publish","format-standard","hentry","category-uncategorized"],"_links":{"self":[{"href":"https:\/\/kino.agency\/neon\/wp-json\/wp\/v2\/posts\/166855","targetHints":{"allow":["GET"]}}],"collection":[{"href":"https:\/\/kino.agency\/neon\/wp-json\/wp\/v2\/posts"}],"about":[{"href":"https:\/\/kino.agency\/neon\/wp-json\/wp\/v2\/types\/post"}],"author":[{"embeddable":true,"href":"https:\/\/kino.agency\/neon\/wp-json\/wp\/v2\/users\/2"}],"replies":[{"embeddable":true,"href":"https:\/\/kino.agency\/neon\/wp-json\/wp\/v2\/comments?post=166855"}],"version-history":[{"count":1,"href":"https:\/\/kino.agency\/neon\/wp-json\/wp\/v2\/posts\/166855\/revisions"}],"predecessor-version":[{"id":166857,"href":"https:\/\/kino.agency\/neon\/wp-json\/wp\/v2\/posts\/166855\/revisions\/166857"}],"wp:attachment":[{"href":"https:\/\/kino.agency\/neon\/wp-json\/wp\/v2\/media?parent=166855"}],"wp:term":[{"taxonomy":"category","embeddable":true,"href":"https:\/\/kino.agency\/neon\/wp-json\/wp\/v2\/categories?post=166855"},{"taxonomy":"post_tag","embeddable":true,"href":"https:\/\/kino.agency\/neon\/wp-json\/wp\/v2\/tags?post=166855"}],"curies":[{"name":"wp","href":"https:\/\/api.w.org\/{rel}","templated":true}]}}